{"id":1822,"date":"2025-12-11T12:29:57","date_gmt":"2025-12-11T10:29:57","guid":{"rendered":"https:\/\/bardemolen.nl\/?p=1822"},"modified":"2025-12-18T12:11:34","modified_gmt":"2025-12-18T10:11:34","slug":"dirk-meeldijk-en-directo-en-el-molino","status":"publish","type":"post","link":"https:\/\/bardemolen.nl\/es\/agenda\/dirk-meeldijk-live-in-de-molen","title":{"rendered":"Dirk Meeldijk EN DIRECTO en Bar de Molen"},"content":{"rendered":"<div data-elementor-type=\"wp-post\" data-elementor-id=\"1822\" class=\"elementor elementor-1822\" data-elementor-post-type=\"post\">\n\t\t\t\t<div class=\"elementor-element elementor-element-19663e6 e-flex e-con-boxed e-con e-parent\" data-id=\"19663e6\" data-element_type=\"container\" data-e-type=\"container\">\n\t\t\t\t\t<div class=\"e-con-inner\">\n\t\t\t\t<div class=\"elementor-element elementor-element-2e61c301 elementor-widget elementor-widget-text-editor\" data-id=\"2e61c301\" data-element_type=\"widget\" data-e-type=\"widget\" data-widget_type=\"text-editor.default\">\n\t\t\t\t<div class=\"elementor-widget-container\">\n\t\t\t\t\t\t\t\t\t<div class=\"ql-block\" data-block-id=\"block-2fcea0c2-b632-449c-9b7e-ba963e6e1806\">\n<p data-path-to-node=\"7\">Despu\u00e9s del partidazo del FC Volendam contra el Sparta de Rotterdam el 21 de diciembre en el Kras Stadium, \u00a1nada menos que Dirk Meeldijk vendr\u00e1 al Bar de Molen!<\/p>\n<p data-path-to-node=\"7\">Cuente con ser sociable, ya que Dirk vendr\u00e1 con todas sus fant\u00e1sticas canciones como <em>\u2018Amo la vida<\/em>\u2018y\u2018<em>Cuatro veranos largos\u2019<\/em>. \ud83c\udfb6<\/p>\n<p data-path-to-node=\"8\">Re\u00fane a tus amigos futboleros y aseg\u00farate de llegar al Bar de Molen como un demonio tras el pitido final. \ud83e\udde1<\/p>\n<\/div>\n<div class=\"ql-block\" data-block-id=\"block-e0105d9f-dc22-44c4-81a6-b394e26216e6\">\u00a0<\/div>\n<div class=\"ql-block\" data-block-id=\"block-99ef7003-65b9-4ef5-a1b8-ca6d33c6b8c2\">\u00a1Vamos a hacer que sea una velada muy agradable! \u00bfQuieres reservar?<\/div>\n<div data-block-id=\"block-99ef7003-65b9-4ef5-a1b8-ca6d33c6b8c2\">\u00a0<\/div>\n<div class=\"ql-block\" data-block-id=\"block-99ef7003-65b9-4ef5-a1b8-ca6d33c6b8c2\">\u260e\ufe0f 0299-363266<\/div>\n<div class=\"ql-block\" data-block-id=\"block-99ef7003-65b9-4ef5-a1b8-ca6d33c6b8c2\">\ud83c\udf10 <a class=\"ql-link\" href=\"http:\/\/bardemolen.nl\/es\/\" target=\"_blank\" rel=\"noopener noreferrer\">bardemolen.es<\/a><\/div>\n<div data-block-id=\"block-99ef7003-65b9-4ef5-a1b8-ca6d33c6b8c2\">\u00a0<\/div>\n<div class=\"ql-block\" data-block-id=\"block-4789bba8-2384-45cb-bcf0-74ca02efa378\">\u00a0<\/div>\n<p><!-- \/wp:paragraph --><!-- wp:paragraph --><\/p>\n<p><!-- \/wp:paragraph --><!-- wp:paragraph --><\/p>\n<p><!-- \/wp:paragraph --><\/p>\t\t\t\t\t\t\t\t<\/div>\n\t\t\t\t<\/div>\n\t\t\t\t\t<\/div>\n\t\t\t\t<\/div>\n\t\t\t\t<\/div>","protected":false},"excerpt":{"rendered":"<p>21 de diciembre: Tras el partidazo contra el Sparta, \u00a1nada menos que Dirk Meeldijk viene al Molino! No lo dudes, Dirk vendr\u00e1 con todas sus fant\u00e1sticas canciones, como \u2018I love life\u2019 y \u2018Four summers long\u2019. \ud83c\udfb6<\/p>\n<p>As\u00ed que hup, despu\u00e9s del partido directamente a The Mill. \u00a1Vengan a ver! \ud83e\udde1<\/p>","protected":false},"author":1,"featured_media":1824,"comment_status":"open","ping_status":"open","sticky":false,"template":"","format":"standard","meta":{"footnotes":""},"categories":[1],"tags":[],"class_list":["post-1822","post","type-post","status-publish","format-standard","has-post-thumbnail","hentry","category-agenda"],"yoast_head":"<!-- This site is optimized with the Yoast SEO plugin v27.5 - https:\/\/yoast.com\/product\/yoast-seo-wordpress\/ -->\n<title>Dirk Meeldijk LIVE in de Molen | Zondag 21 december na de FC<\/title>\n<meta name=\"description\" content=\"Na de kraker FC Volendam tegen Sparta Rotterdam (21 dec) komt Dirk Meeldijk naar de Molen! Dus kom na de wedstrijd direct door naar ons.\" \/>\n<meta name=\"robots\" content=\"index, follow, max-snippet:-1, max-image-preview:large, max-video-preview:-1\" \/>\n<link rel=\"canonical\" href=\"https:\/\/bardemolen.nl\/es\/agenda\/dirk-meeldijk-en-directo-en-el-molino\/\" \/>\n<meta property=\"og:locale\" content=\"es_ES\" \/>\n<meta property=\"og:type\" content=\"article\" \/>\n<meta property=\"og:title\" content=\"Dirk Meeldijk LIVE in de Molen | Zondag 21 december na de FC\" \/>\n<meta property=\"og:description\" content=\"Na de kraker FC Volendam tegen Sparta Rotterdam (21 dec) komt Dirk Meeldijk naar de Molen! Dus kom na de wedstrijd direct door naar ons.\" \/>\n<meta property=\"og:url\" content=\"https:\/\/bardemolen.nl\/es\/agenda\/dirk-meeldijk-en-directo-en-el-molino\/\" \/>\n<meta property=\"og:site_name\" content=\"Bar de Molen\" \/>\n<meta property=\"article:published_time\" content=\"2025-12-11T10:29:57+00:00\" \/>\n<meta property=\"article:modified_time\" content=\"2025-12-18T10:11:34+00:00\" \/>\n<meta property=\"og:image\" content=\"https:\/\/bardemolen.nl\/wp-content\/uploads\/2025\/12\/Bewerken-TEMPLATE-De-Molen-social-media-1080-x-1350px-31.jpg\" \/>\n\t<meta property=\"og:image:width\" content=\"1080\" \/>\n\t<meta property=\"og:image:height\" content=\"1350\" \/>\n\t<meta property=\"og:image:type\" content=\"image\/jpeg\" \/>\n<meta name=\"author\" content=\"admin\" \/>\n<meta name=\"twitter:card\" content=\"summary_large_image\" \/>\n<meta name=\"twitter:label1\" content=\"Escrito por\" \/>\n\t<meta name=\"twitter:data1\" content=\"admin\" \/>\n\t<meta name=\"twitter:label2\" content=\"Tiempo de lectura\" \/>\n\t<meta name=\"twitter:data2\" content=\"2 minutos\" \/>\n<script type=\"application\/ld+json\" class=\"yoast-schema-graph\">{\"@context\":\"https:\\\/\\\/schema.org\",\"@graph\":[{\"@type\":\"Article\",\"@id\":\"https:\\\/\\\/bardemolen.nl\\\/agenda\\\/dirk-meeldijk-live-in-de-molen#article\",\"isPartOf\":{\"@id\":\"https:\\\/\\\/bardemolen.nl\\\/agenda\\\/dirk-meeldijk-live-in-de-molen\"},\"author\":{\"name\":\"admin\",\"@id\":\"https:\\\/\\\/bardemolen.nl\\\/zh\\\/#\\\/schema\\\/person\\\/4f132b1ec1813da695f0f2224041da82\"},\"headline\":\"Dirk Meeldijk LIVE in Bar de Molen\",\"datePublished\":\"2025-12-11T10:29:57+00:00\",\"dateModified\":\"2025-12-18T10:11:34+00:00\",\"mainEntityOfPage\":{\"@id\":\"https:\\\/\\\/bardemolen.nl\\\/agenda\\\/dirk-meeldijk-live-in-de-molen\"},\"wordCount\":86,\"commentCount\":0,\"publisher\":{\"@id\":\"https:\\\/\\\/bardemolen.nl\\\/zh\\\/#organization\"},\"image\":{\"@id\":\"https:\\\/\\\/bardemolen.nl\\\/agenda\\\/dirk-meeldijk-live-in-de-molen#primaryimage\"},\"thumbnailUrl\":\"https:\\\/\\\/bardemolen.nl\\\/wp-content\\\/uploads\\\/2025\\\/12\\\/Bewerken-TEMPLATE-De-Molen-social-media-1080-x-1350px-31.jpg\",\"articleSection\":[\"Agenda\"],\"inLanguage\":\"es\",\"potentialAction\":[{\"@type\":\"CommentAction\",\"name\":\"Comment\",\"target\":[\"https:\\\/\\\/bardemolen.nl\\\/agenda\\\/dirk-meeldijk-live-in-de-molen#respond\"]}]},{\"@type\":\"WebPage\",\"@id\":\"https:\\\/\\\/bardemolen.nl\\\/agenda\\\/dirk-meeldijk-live-in-de-molen\",\"url\":\"https:\\\/\\\/bardemolen.nl\\\/agenda\\\/dirk-meeldijk-live-in-de-molen\",\"name\":\"Dirk Meeldijk LIVE in de Molen | Zondag 21 december na de FC\",\"isPartOf\":{\"@id\":\"https:\\\/\\\/bardemolen.nl\\\/zh\\\/#website\"},\"primaryImageOfPage\":{\"@id\":\"https:\\\/\\\/bardemolen.nl\\\/agenda\\\/dirk-meeldijk-live-in-de-molen#primaryimage\"},\"image\":{\"@id\":\"https:\\\/\\\/bardemolen.nl\\\/agenda\\\/dirk-meeldijk-live-in-de-molen#primaryimage\"},\"thumbnailUrl\":\"https:\\\/\\\/bardemolen.nl\\\/wp-content\\\/uploads\\\/2025\\\/12\\\/Bewerken-TEMPLATE-De-Molen-social-media-1080-x-1350px-31.jpg\",\"datePublished\":\"2025-12-11T10:29:57+00:00\",\"dateModified\":\"2025-12-18T10:11:34+00:00\",\"description\":\"Na de kraker FC Volendam tegen Sparta Rotterdam (21 dec) komt Dirk Meeldijk naar de Molen! Dus kom na de wedstrijd direct door naar ons.\",\"breadcrumb\":{\"@id\":\"https:\\\/\\\/bardemolen.nl\\\/agenda\\\/dirk-meeldijk-live-in-de-molen#breadcrumb\"},\"inLanguage\":\"es\",\"potentialAction\":[{\"@type\":\"ReadAction\",\"target\":[\"https:\\\/\\\/bardemolen.nl\\\/agenda\\\/dirk-meeldijk-live-in-de-molen\"]}]},{\"@type\":\"ImageObject\",\"inLanguage\":\"es\",\"@id\":\"https:\\\/\\\/bardemolen.nl\\\/agenda\\\/dirk-meeldijk-live-in-de-molen#primaryimage\",\"url\":\"https:\\\/\\\/bardemolen.nl\\\/wp-content\\\/uploads\\\/2025\\\/12\\\/Bewerken-TEMPLATE-De-Molen-social-media-1080-x-1350px-31.jpg\",\"contentUrl\":\"https:\\\/\\\/bardemolen.nl\\\/wp-content\\\/uploads\\\/2025\\\/12\\\/Bewerken-TEMPLATE-De-Molen-social-media-1080-x-1350px-31.jpg\",\"width\":1080,\"height\":1350,\"caption\":\"21 december dirk meeldijk in de molen\"},{\"@type\":\"BreadcrumbList\",\"@id\":\"https:\\\/\\\/bardemolen.nl\\\/agenda\\\/dirk-meeldijk-live-in-de-molen#breadcrumb\",\"itemListElement\":[{\"@type\":\"ListItem\",\"position\":1,\"name\":\"Home\",\"item\":\"https:\\\/\\\/bardemolen.nl\\\/\"},{\"@type\":\"ListItem\",\"position\":2,\"name\":\"Dirk Meeldijk LIVE in Bar de Molen\"}]},{\"@type\":\"WebSite\",\"@id\":\"https:\\\/\\\/bardemolen.nl\\\/zh\\\/#website\",\"url\":\"https:\\\/\\\/bardemolen.nl\\\/zh\\\/\",\"name\":\"Bar de Molen\",\"description\":\"\",\"publisher\":{\"@id\":\"https:\\\/\\\/bardemolen.nl\\\/zh\\\/#organization\"},\"potentialAction\":[{\"@type\":\"SearchAction\",\"target\":{\"@type\":\"EntryPoint\",\"urlTemplate\":\"https:\\\/\\\/bardemolen.nl\\\/zh\\\/?s={search_term_string}\"},\"query-input\":{\"@type\":\"PropertyValueSpecification\",\"valueRequired\":true,\"valueName\":\"search_term_string\"}}],\"inLanguage\":\"es\"},{\"@type\":\"Organization\",\"@id\":\"https:\\\/\\\/bardemolen.nl\\\/zh\\\/#organization\",\"name\":\"Bar de Molen\",\"url\":\"https:\\\/\\\/bardemolen.nl\\\/zh\\\/\",\"logo\":{\"@type\":\"ImageObject\",\"inLanguage\":\"es\",\"@id\":\"https:\\\/\\\/bardemolen.nl\\\/zh\\\/#\\\/schema\\\/logo\\\/image\\\/\",\"url\":\"https:\\\/\\\/bardemolen.nl\\\/wp-content\\\/uploads\\\/2025\\\/05\\\/BardeMolen_logo-nieuw.png\",\"contentUrl\":\"https:\\\/\\\/bardemolen.nl\\\/wp-content\\\/uploads\\\/2025\\\/05\\\/BardeMolen_logo-nieuw.png\",\"width\":441,\"height\":280,\"caption\":\"Bar de Molen\"},\"image\":{\"@id\":\"https:\\\/\\\/bardemolen.nl\\\/zh\\\/#\\\/schema\\\/logo\\\/image\\\/\"}},{\"@type\":\"Person\",\"@id\":\"https:\\\/\\\/bardemolen.nl\\\/zh\\\/#\\\/schema\\\/person\\\/4f132b1ec1813da695f0f2224041da82\",\"name\":\"admin\",\"image\":{\"@type\":\"ImageObject\",\"inLanguage\":\"es\",\"@id\":\"https:\\\/\\\/bardemolen.nl\\\/wp-content\\\/litespeed\\\/avatar\\\/420474b98da1d3677187fa138573da96.jpg?ver=1777651532\",\"url\":\"https:\\\/\\\/bardemolen.nl\\\/wp-content\\\/litespeed\\\/avatar\\\/420474b98da1d3677187fa138573da96.jpg?ver=1777651532\",\"contentUrl\":\"https:\\\/\\\/bardemolen.nl\\\/wp-content\\\/litespeed\\\/avatar\\\/420474b98da1d3677187fa138573da96.jpg?ver=1777651532\",\"caption\":\"admin\"},\"sameAs\":[\"https:\\\/\\\/grandcafedemolen.nl\"],\"url\":\"https:\\\/\\\/bardemolen.nl\\\/es\\\/author\\\/oaxo9p52\"}]}<\/script>\n<!-- \/ Yoast SEO plugin. -->","yoast_head_json":{"title":"Dirk Meeldijk EN DIRECTO en el Molino | Domingo 21 de diciembre tras el FC","description":"Despu\u00e9s del partido entre el FC Volendam y el Sparta Rotterdam (21 de diciembre), Dirk Meeldijk vendr\u00e1 al Molino. Ven directamente a vernos despu\u00e9s del partido.","robots":{"index":"index","follow":"follow","max-snippet":"max-snippet:-1","max-image-preview":"max-image-preview:large","max-video-preview":"max-video-preview:-1"},"canonical":"https:\/\/bardemolen.nl\/es\/agenda\/dirk-meeldijk-en-directo-en-el-molino\/","og_locale":"es_ES","og_type":"article","og_title":"Dirk Meeldijk LIVE in de Molen | Zondag 21 december na de FC","og_description":"Na de kraker FC Volendam tegen Sparta Rotterdam (21 dec) komt Dirk Meeldijk naar de Molen! Dus kom na de wedstrijd direct door naar ons.","og_url":"https:\/\/bardemolen.nl\/es\/agenda\/dirk-meeldijk-en-directo-en-el-molino\/","og_site_name":"Bar de Molen","article_published_time":"2025-12-11T10:29:57+00:00","article_modified_time":"2025-12-18T10:11:34+00:00","og_image":[{"width":1080,"height":1350,"url":"https:\/\/bardemolen.nl\/wp-content\/uploads\/2025\/12\/Bewerken-TEMPLATE-De-Molen-social-media-1080-x-1350px-31.jpg","type":"image\/jpeg"}],"author":"admin","twitter_card":"summary_large_image","twitter_misc":{"Escrito por":"admin","Tiempo de lectura":"2 minutos"},"schema":{"@context":"https:\/\/schema.org","@graph":[{"@type":"Article","@id":"https:\/\/bardemolen.nl\/agenda\/dirk-meeldijk-live-in-de-molen#article","isPartOf":{"@id":"https:\/\/bardemolen.nl\/agenda\/dirk-meeldijk-live-in-de-molen"},"author":{"name":"admin","@id":"https:\/\/bardemolen.nl\/zh\/#\/schema\/person\/4f132b1ec1813da695f0f2224041da82"},"headline":"Dirk Meeldijk LIVE in Bar de Molen","datePublished":"2025-12-11T10:29:57+00:00","dateModified":"2025-12-18T10:11:34+00:00","mainEntityOfPage":{"@id":"https:\/\/bardemolen.nl\/agenda\/dirk-meeldijk-live-in-de-molen"},"wordCount":86,"commentCount":0,"publisher":{"@id":"https:\/\/bardemolen.nl\/zh\/#organization"},"image":{"@id":"https:\/\/bardemolen.nl\/agenda\/dirk-meeldijk-live-in-de-molen#primaryimage"},"thumbnailUrl":"https:\/\/bardemolen.nl\/wp-content\/uploads\/2025\/12\/Bewerken-TEMPLATE-De-Molen-social-media-1080-x-1350px-31.jpg","articleSection":["Agenda"],"inLanguage":"es","potentialAction":[{"@type":"CommentAction","name":"Comment","target":["https:\/\/bardemolen.nl\/agenda\/dirk-meeldijk-live-in-de-molen#respond"]}]},{"@type":"WebPage","@id":"https:\/\/bardemolen.nl\/agenda\/dirk-meeldijk-live-in-de-molen","url":"https:\/\/bardemolen.nl\/agenda\/dirk-meeldijk-live-in-de-molen","name":"Dirk Meeldijk EN DIRECTO en el Molino | Domingo 21 de diciembre tras el FC","isPartOf":{"@id":"https:\/\/bardemolen.nl\/zh\/#website"},"primaryImageOfPage":{"@id":"https:\/\/bardemolen.nl\/agenda\/dirk-meeldijk-live-in-de-molen#primaryimage"},"image":{"@id":"https:\/\/bardemolen.nl\/agenda\/dirk-meeldijk-live-in-de-molen#primaryimage"},"thumbnailUrl":"https:\/\/bardemolen.nl\/wp-content\/uploads\/2025\/12\/Bewerken-TEMPLATE-De-Molen-social-media-1080-x-1350px-31.jpg","datePublished":"2025-12-11T10:29:57+00:00","dateModified":"2025-12-18T10:11:34+00:00","description":"Despu\u00e9s del partido entre el FC Volendam y el Sparta Rotterdam (21 de diciembre), Dirk Meeldijk vendr\u00e1 al Molino. Ven directamente a vernos despu\u00e9s del partido.","breadcrumb":{"@id":"https:\/\/bardemolen.nl\/agenda\/dirk-meeldijk-live-in-de-molen#breadcrumb"},"inLanguage":"es","potentialAction":[{"@type":"ReadAction","target":["https:\/\/bardemolen.nl\/agenda\/dirk-meeldijk-live-in-de-molen"]}]},{"@type":"ImageObject","inLanguage":"es","@id":"https:\/\/bardemolen.nl\/agenda\/dirk-meeldijk-live-in-de-molen#primaryimage","url":"https:\/\/bardemolen.nl\/wp-content\/uploads\/2025\/12\/Bewerken-TEMPLATE-De-Molen-social-media-1080-x-1350px-31.jpg","contentUrl":"https:\/\/bardemolen.nl\/wp-content\/uploads\/2025\/12\/Bewerken-TEMPLATE-De-Molen-social-media-1080-x-1350px-31.jpg","width":1080,"height":1350,"caption":"21 december dirk meeldijk in de molen"},{"@type":"BreadcrumbList","@id":"https:\/\/bardemolen.nl\/agenda\/dirk-meeldijk-live-in-de-molen#breadcrumb","itemListElement":[{"@type":"ListItem","position":1,"name":"Home","item":"https:\/\/bardemolen.nl\/"},{"@type":"ListItem","position":2,"name":"Dirk Meeldijk LIVE in Bar de Molen"}]},{"@type":"WebSite","@id":"https:\/\/bardemolen.nl\/zh\/#website","url":"https:\/\/bardemolen.nl\/zh\/","name":"Bar de Molen","description":"","publisher":{"@id":"https:\/\/bardemolen.nl\/zh\/#organization"},"potentialAction":[{"@type":"SearchAction","target":{"@type":"EntryPoint","urlTemplate":"https:\/\/bardemolen.nl\/zh\/?s={search_term_string}"},"query-input":{"@type":"PropertyValueSpecification","valueRequired":true,"valueName":"search_term_string"}}],"inLanguage":"es"},{"@type":"Organization","@id":"https:\/\/bardemolen.nl\/zh\/#organization","name":"Bar de Molen","url":"https:\/\/bardemolen.nl\/zh\/","logo":{"@type":"ImageObject","inLanguage":"es","@id":"https:\/\/bardemolen.nl\/zh\/#\/schema\/logo\/image\/","url":"https:\/\/bardemolen.nl\/wp-content\/uploads\/2025\/05\/BardeMolen_logo-nieuw.png","contentUrl":"https:\/\/bardemolen.nl\/wp-content\/uploads\/2025\/05\/BardeMolen_logo-nieuw.png","width":441,"height":280,"caption":"Bar de Molen"},"image":{"@id":"https:\/\/bardemolen.nl\/zh\/#\/schema\/logo\/image\/"}},{"@type":"Person","@id":"https:\/\/bardemolen.nl\/zh\/#\/schema\/person\/4f132b1ec1813da695f0f2224041da82","name":"admin","image":{"@type":"ImageObject","inLanguage":"es","@id":"https:\/\/bardemolen.nl\/wp-content\/litespeed\/avatar\/420474b98da1d3677187fa138573da96.jpg?ver=1777651532","url":"https:\/\/bardemolen.nl\/wp-content\/litespeed\/avatar\/420474b98da1d3677187fa138573da96.jpg?ver=1777651532","contentUrl":"https:\/\/bardemolen.nl\/wp-content\/litespeed\/avatar\/420474b98da1d3677187fa138573da96.jpg?ver=1777651532","caption":"admin"},"sameAs":["https:\/\/grandcafedemolen.nl"],"url":"https:\/\/bardemolen.nl\/es\/author\/oaxo9p52"}]}},"_links":{"self":[{"href":"https:\/\/bardemolen.nl\/es\/wp-json\/wp\/v2\/posts\/1822","targetHints":{"allow":["GET"]}}],"collection":[{"href":"https:\/\/bardemolen.nl\/es\/wp-json\/wp\/v2\/posts"}],"about":[{"href":"https:\/\/bardemolen.nl\/es\/wp-json\/wp\/v2\/types\/post"}],"author":[{"embeddable":true,"href":"https:\/\/bardemolen.nl\/es\/wp-json\/wp\/v2\/users\/1"}],"replies":[{"embeddable":true,"href":"https:\/\/bardemolen.nl\/es\/wp-json\/wp\/v2\/comments?post=1822"}],"version-history":[{"count":5,"href":"https:\/\/bardemolen.nl\/es\/wp-json\/wp\/v2\/posts\/1822\/revisions"}],"predecessor-version":[{"id":1898,"href":"https:\/\/bardemolen.nl\/es\/wp-json\/wp\/v2\/posts\/1822\/revisions\/1898"}],"wp:featuredmedia":[{"embeddable":true,"href":"https:\/\/bardemolen.nl\/es\/wp-json\/wp\/v2\/media\/1824"}],"wp:attachment":[{"href":"https:\/\/bardemolen.nl\/es\/wp-json\/wp\/v2\/media?parent=1822"}],"wp:term":[{"taxonomy":"category","embeddable":true,"href":"https:\/\/bardemolen.nl\/es\/wp-json\/wp\/v2\/categories?post=1822"},{"taxonomy":"post_tag","embeddable":true,"href":"https:\/\/bardemolen.nl\/es\/wp-json\/wp\/v2\/tags?post=1822"}],"curies":[{"name":"wp","href":"https:\/\/api.w.org\/{rel}","templated":true}]}}