{"id":1882,"date":"2026-02-04T15:41:44","date_gmt":"2026-02-04T13:41:44","guid":{"rendered":"https:\/\/bardemolen.nl\/?p=1882"},"modified":"2026-02-04T15:45:09","modified_gmt":"2026-02-04T13:45:09","slug":"dj-roy-veerman-live-in-der-bar-de-molen","status":"publish","type":"post","link":"https:\/\/bardemolen.nl\/de\/agenda\/dj-roy-veerman-live-in-bar-de-molen","title":{"rendered":"DJ Roy Veerman - 28. Februar"},"content":{"rendered":"<div data-elementor-type=\"wp-post\" data-elementor-id=\"1882\" class=\"elementor elementor-1882\" data-elementor-post-type=\"post\">\n\t\t\t\t<div class=\"elementor-element elementor-element-19663e6 e-flex e-con-boxed e-con e-parent\" data-id=\"19663e6\" data-element_type=\"container\" data-e-type=\"container\">\n\t\t\t\t\t<div class=\"e-con-inner\">\n\t\t\t\t<div class=\"elementor-element elementor-element-2e61c301 elementor-widget elementor-widget-text-editor\" data-id=\"2e61c301\" data-element_type=\"widget\" data-e-type=\"widget\" data-widget_type=\"text-editor.default\">\n\t\t\t\t<div class=\"elementor-widget-container\">\n\t\t\t\t\t\t\t\t\t<div class=\"ql-block\" data-block-id=\"block-2fcea0c2-b632-449c-9b7e-ba963e6e1806\">\n<p data-path-to-node=\"7\">DER MANN. DER MYTHOS. DIE LEGENDE..... Am Samstag, den 28. Februar, steht DJ Roy endlich wieder bei uns in der M\u00fchle hinter den Plattentellern!<\/p>\n<p data-path-to-node=\"7\">Ja, Freunde, heute Abend werden wir es auf Roys Art machen: Holl\u00e4ndische Hits, Mitsinglieder und einfach... ein bisschen von allem! \ud83c\udf2a\ufe0f\ud83c\udf00\ud83c\udf2a\ufe0f<\/p>\n<p data-path-to-node=\"7\">Wenn du Roy auch nur ein bisschen kennst, wei\u00dft du eigentlich schon: Das wird ROYAL LEGENDARIC! \ud83d\ude0f\ud83d\udd25<\/p>\n<div class=\"ql-block\" data-block-id=\"block-6e7535bc-faa8-48a4-ae32-f27a4f6eb14d\">\ud83d\udcc5 Samstag, 28. Februar<\/div>\n<div class=\"ql-block\" data-block-id=\"block-93d579fb-e7df-4c00-bba2-dfcd67a488fd\">\ud83d\udd57 20:00 bis 02:00<\/div>\n<div data-block-id=\"block-93d579fb-e7df-4c00-bba2-dfcd67a488fd\">\u00a0<\/div>\n<\/div>\n<div class=\"ql-block\" data-block-id=\"block-99ef7003-65b9-4ef5-a1b8-ca6d33c6b8c2\">Wir werden einen sehr sch\u00f6nen Abend daraus machen! Also sei dabei!\u00a0<\/div>\n<div data-block-id=\"block-99ef7003-65b9-4ef5-a1b8-ca6d33c6b8c2\">\u00a0<\/div>\n<div class=\"ql-block\" data-block-id=\"block-99ef7003-65b9-4ef5-a1b8-ca6d33c6b8c2\">\u260e\ufe0f 0299-363266<\/div>\n<div class=\"ql-block\" data-block-id=\"block-99ef7003-65b9-4ef5-a1b8-ca6d33c6b8c2\">\ud83c\udf10 <a class=\"ql-link\" href=\"http:\/\/bardemolen.nl\/de\/\" target=\"_blank\" rel=\"noopener noreferrer\">bardemolen.co.uk<\/a><\/div>\n<div data-block-id=\"block-99ef7003-65b9-4ef5-a1b8-ca6d33c6b8c2\">\u00a0<\/div>\n<div class=\"ql-block\" data-block-id=\"block-4789bba8-2384-45cb-bcf0-74ca02efa378\">\u00a0<\/div>\n<p><!-- \/wp:paragraph --><!-- wp:paragraph --><\/p>\n<p><!-- \/wp:paragraph --><!-- wp:paragraph --><\/p>\n<p><!-- \/wp:paragraph --><\/p>\t\t\t\t\t\t\t\t<\/div>\n\t\t\t\t<\/div>\n\t\t\t\t\t<\/div>\n\t\t\t\t<\/div>\n\t\t\t\t<\/div>","protected":false},"excerpt":{"rendered":"<p>\ud83c\udfb5 \ud83e\udd73 DER MANN. DER MYTHOS. THE LEGEND..... Am Samstag, den 28. Februar, steht DJ Roy endlich wieder bei uns in der M\u00fchle hinter den Plattentellern! <\/p>\n<p>Ja, Freunde, heute Abend werden wir es auf Roys Art machen: Holl\u00e4ndische Hits, Mitsinglieder und einfach... ein bisschen von allem! \ud83c\udf2a\ufe0f\ud83c\udf00\ud83c\udf2a\ufe0f Wer Roy ein bisschen kennt, der wei\u00df schon: das wird ROYAL LEGENDARIC! \ud83d\ude0f\ud83d\udd25<\/p>\n<p>\ud83d\udcc5 Samstag, 28. Februar<br \/>\n\ud83d\udd57 20:00 bis 02:00<\/p>\n<p>Seien Sie dabei und reservieren Sie gleich Ihren Tisch: 0299 363 266.<\/p>","protected":false},"author":1,"featured_media":1883,"comment_status":"open","ping_status":"open","sticky":false,"template":"","format":"standard","meta":{"footnotes":""},"categories":[1],"tags":[],"class_list":["post-1882","post","type-post","status-publish","format-standard","has-post-thumbnail","hentry","category-agenda"],"yoast_head":"<!-- This site is optimized with the Yoast SEO plugin v27.5 - https:\/\/yoast.com\/product\/yoast-seo-wordpress\/ -->\n<title>DJ Roy Veerman in de Molen Volendam | Zaterdag 28 feb 2026<\/title>\n<meta name=\"description\" content=\"DJ Roy is eindelijk terug! Beleef een legendarische avond in De Molen met Hollandse krakers en meezingers. Zaterdag 28 februari van 20:00 tot 02:00. Reserveer.\" \/>\n<meta name=\"robots\" content=\"index, follow, max-snippet:-1, max-image-preview:large, max-video-preview:-1\" \/>\n<link rel=\"canonical\" href=\"https:\/\/bardemolen.nl\/de\/agenda\/dj-roy-veerman-live-in-der-bar-de-molen\/\" \/>\n<meta property=\"og:locale\" content=\"de_DE\" \/>\n<meta property=\"og:type\" content=\"article\" \/>\n<meta property=\"og:title\" content=\"DJ Roy Veerman in de Molen Volendam | Zaterdag 28 feb 2026\" \/>\n<meta property=\"og:description\" content=\"DJ Roy is eindelijk terug! Beleef een legendarische avond in De Molen met Hollandse krakers en meezingers. Zaterdag 28 februari van 20:00 tot 02:00. Reserveer.\" \/>\n<meta property=\"og:url\" content=\"https:\/\/bardemolen.nl\/de\/agenda\/dj-roy-veerman-live-in-der-bar-de-molen\/\" \/>\n<meta property=\"og:site_name\" content=\"Bar de Molen\" \/>\n<meta property=\"article:published_time\" content=\"2026-02-04T13:41:44+00:00\" \/>\n<meta property=\"article:modified_time\" content=\"2026-02-04T13:45:09+00:00\" \/>\n<meta property=\"og:image\" content=\"https:\/\/bardemolen.nl\/wp-content\/uploads\/2026\/02\/Bewerken-TEMPLATE-De-Molen-social-media-1080-x-1350px-43-e1770212594134.jpg\" \/>\n\t<meta property=\"og:image:width\" content=\"1080\" \/>\n\t<meta property=\"og:image:height\" content=\"758\" \/>\n\t<meta property=\"og:image:type\" content=\"image\/jpeg\" \/>\n<meta name=\"author\" content=\"admin\" \/>\n<meta name=\"twitter:card\" content=\"summary_large_image\" \/>\n<meta name=\"twitter:label1\" content=\"Verfasst von\" \/>\n\t<meta name=\"twitter:data1\" content=\"admin\" \/>\n\t<meta name=\"twitter:label2\" content=\"Gesch\u00e4tzte Lesezeit\" \/>\n\t<meta name=\"twitter:data2\" content=\"2\u00a0Minuten\" \/>\n<script type=\"application\/ld+json\" class=\"yoast-schema-graph\">{\"@context\":\"https:\\\/\\\/schema.org\",\"@graph\":[{\"@type\":\"Article\",\"@id\":\"https:\\\/\\\/bardemolen.nl\\\/agenda\\\/dj-roy-veerman-live-in-bar-de-molen#article\",\"isPartOf\":{\"@id\":\"https:\\\/\\\/bardemolen.nl\\\/agenda\\\/dj-roy-veerman-live-in-bar-de-molen\"},\"author\":{\"name\":\"admin\",\"@id\":\"https:\\\/\\\/bardemolen.nl\\\/zh\\\/#\\\/schema\\\/person\\\/4f132b1ec1813da695f0f2224041da82\"},\"headline\":\"DJ Roy Veerman &#8211; 28 februari\",\"datePublished\":\"2026-02-04T13:41:44+00:00\",\"dateModified\":\"2026-02-04T13:45:09+00:00\",\"mainEntityOfPage\":{\"@id\":\"https:\\\/\\\/bardemolen.nl\\\/agenda\\\/dj-roy-veerman-live-in-bar-de-molen\"},\"wordCount\":82,\"commentCount\":0,\"publisher\":{\"@id\":\"https:\\\/\\\/bardemolen.nl\\\/zh\\\/#organization\"},\"image\":{\"@id\":\"https:\\\/\\\/bardemolen.nl\\\/agenda\\\/dj-roy-veerman-live-in-bar-de-molen#primaryimage\"},\"thumbnailUrl\":\"https:\\\/\\\/bardemolen.nl\\\/wp-content\\\/uploads\\\/2026\\\/02\\\/Bewerken-TEMPLATE-De-Molen-social-media-1080-x-1350px-43-e1770212594134.jpg\",\"articleSection\":[\"Agenda\"],\"inLanguage\":\"de\",\"potentialAction\":[{\"@type\":\"CommentAction\",\"name\":\"Comment\",\"target\":[\"https:\\\/\\\/bardemolen.nl\\\/agenda\\\/dj-roy-veerman-live-in-bar-de-molen#respond\"]}]},{\"@type\":\"WebPage\",\"@id\":\"https:\\\/\\\/bardemolen.nl\\\/agenda\\\/dj-roy-veerman-live-in-bar-de-molen\",\"url\":\"https:\\\/\\\/bardemolen.nl\\\/agenda\\\/dj-roy-veerman-live-in-bar-de-molen\",\"name\":\"DJ Roy Veerman in de Molen Volendam | Zaterdag 28 feb 2026\",\"isPartOf\":{\"@id\":\"https:\\\/\\\/bardemolen.nl\\\/zh\\\/#website\"},\"primaryImageOfPage\":{\"@id\":\"https:\\\/\\\/bardemolen.nl\\\/agenda\\\/dj-roy-veerman-live-in-bar-de-molen#primaryimage\"},\"image\":{\"@id\":\"https:\\\/\\\/bardemolen.nl\\\/agenda\\\/dj-roy-veerman-live-in-bar-de-molen#primaryimage\"},\"thumbnailUrl\":\"https:\\\/\\\/bardemolen.nl\\\/wp-content\\\/uploads\\\/2026\\\/02\\\/Bewerken-TEMPLATE-De-Molen-social-media-1080-x-1350px-43-e1770212594134.jpg\",\"datePublished\":\"2026-02-04T13:41:44+00:00\",\"dateModified\":\"2026-02-04T13:45:09+00:00\",\"description\":\"DJ Roy is eindelijk terug! Beleef een legendarische avond in De Molen met Hollandse krakers en meezingers. Zaterdag 28 februari van 20:00 tot 02:00. Reserveer.\",\"breadcrumb\":{\"@id\":\"https:\\\/\\\/bardemolen.nl\\\/agenda\\\/dj-roy-veerman-live-in-bar-de-molen#breadcrumb\"},\"inLanguage\":\"de\",\"potentialAction\":[{\"@type\":\"ReadAction\",\"target\":[\"https:\\\/\\\/bardemolen.nl\\\/agenda\\\/dj-roy-veerman-live-in-bar-de-molen\"]}]},{\"@type\":\"ImageObject\",\"inLanguage\":\"de\",\"@id\":\"https:\\\/\\\/bardemolen.nl\\\/agenda\\\/dj-roy-veerman-live-in-bar-de-molen#primaryimage\",\"url\":\"https:\\\/\\\/bardemolen.nl\\\/wp-content\\\/uploads\\\/2026\\\/02\\\/Bewerken-TEMPLATE-De-Molen-social-media-1080-x-1350px-43-e1770212594134.jpg\",\"contentUrl\":\"https:\\\/\\\/bardemolen.nl\\\/wp-content\\\/uploads\\\/2026\\\/02\\\/Bewerken-TEMPLATE-De-Molen-social-media-1080-x-1350px-43-e1770212594134.jpg\",\"width\":1080,\"height\":758,\"caption\":\"Roy Veerman als DJ bij bar de MOlen in Volendam\"},{\"@type\":\"BreadcrumbList\",\"@id\":\"https:\\\/\\\/bardemolen.nl\\\/agenda\\\/dj-roy-veerman-live-in-bar-de-molen#breadcrumb\",\"itemListElement\":[{\"@type\":\"ListItem\",\"position\":1,\"name\":\"Home\",\"item\":\"https:\\\/\\\/bardemolen.nl\\\/\"},{\"@type\":\"ListItem\",\"position\":2,\"name\":\"DJ Roy Veerman &#8211; 28 februari\"}]},{\"@type\":\"WebSite\",\"@id\":\"https:\\\/\\\/bardemolen.nl\\\/zh\\\/#website\",\"url\":\"https:\\\/\\\/bardemolen.nl\\\/zh\\\/\",\"name\":\"Bar de Molen\",\"description\":\"\",\"publisher\":{\"@id\":\"https:\\\/\\\/bardemolen.nl\\\/zh\\\/#organization\"},\"potentialAction\":[{\"@type\":\"SearchAction\",\"target\":{\"@type\":\"EntryPoint\",\"urlTemplate\":\"https:\\\/\\\/bardemolen.nl\\\/zh\\\/?s={search_term_string}\"},\"query-input\":{\"@type\":\"PropertyValueSpecification\",\"valueRequired\":true,\"valueName\":\"search_term_string\"}}],\"inLanguage\":\"de\"},{\"@type\":\"Organization\",\"@id\":\"https:\\\/\\\/bardemolen.nl\\\/zh\\\/#organization\",\"name\":\"Bar de Molen\",\"url\":\"https:\\\/\\\/bardemolen.nl\\\/zh\\\/\",\"logo\":{\"@type\":\"ImageObject\",\"inLanguage\":\"de\",\"@id\":\"https:\\\/\\\/bardemolen.nl\\\/zh\\\/#\\\/schema\\\/logo\\\/image\\\/\",\"url\":\"https:\\\/\\\/bardemolen.nl\\\/wp-content\\\/uploads\\\/2025\\\/05\\\/BardeMolen_logo-nieuw.png\",\"contentUrl\":\"https:\\\/\\\/bardemolen.nl\\\/wp-content\\\/uploads\\\/2025\\\/05\\\/BardeMolen_logo-nieuw.png\",\"width\":441,\"height\":280,\"caption\":\"Bar de Molen\"},\"image\":{\"@id\":\"https:\\\/\\\/bardemolen.nl\\\/zh\\\/#\\\/schema\\\/logo\\\/image\\\/\"}},{\"@type\":\"Person\",\"@id\":\"https:\\\/\\\/bardemolen.nl\\\/zh\\\/#\\\/schema\\\/person\\\/4f132b1ec1813da695f0f2224041da82\",\"name\":\"admin\",\"image\":{\"@type\":\"ImageObject\",\"inLanguage\":\"de\",\"@id\":\"https:\\\/\\\/bardemolen.nl\\\/wp-content\\\/litespeed\\\/avatar\\\/420474b98da1d3677187fa138573da96.jpg?ver=1777651532\",\"url\":\"https:\\\/\\\/bardemolen.nl\\\/wp-content\\\/litespeed\\\/avatar\\\/420474b98da1d3677187fa138573da96.jpg?ver=1777651532\",\"contentUrl\":\"https:\\\/\\\/bardemolen.nl\\\/wp-content\\\/litespeed\\\/avatar\\\/420474b98da1d3677187fa138573da96.jpg?ver=1777651532\",\"caption\":\"admin\"},\"sameAs\":[\"https:\\\/\\\/grandcafedemolen.nl\"],\"url\":\"https:\\\/\\\/bardemolen.nl\\\/de\\\/author\\\/oaxo9p52\"}]}<\/script>\n<!-- \/ Yoast SEO plugin. -->","yoast_head_json":{"title":"DJ Roy Veerman in der M\u00fchle Volendam | Samstag 28 Feb 2026","description":"DJ Roy ist endlich wieder da! Erleben Sie eine legend\u00e4re Nacht in der M\u00fchle mit holl\u00e4ndischen Hits und Mitsingliedern. Samstag, 28. Februar von 20:00 bis 02:00 Uhr. Buchen Sie.","robots":{"index":"index","follow":"follow","max-snippet":"max-snippet:-1","max-image-preview":"max-image-preview:large","max-video-preview":"max-video-preview:-1"},"canonical":"https:\/\/bardemolen.nl\/de\/agenda\/dj-roy-veerman-live-in-der-bar-de-molen\/","og_locale":"de_DE","og_type":"article","og_title":"DJ Roy Veerman in de Molen Volendam | Zaterdag 28 feb 2026","og_description":"DJ Roy is eindelijk terug! Beleef een legendarische avond in De Molen met Hollandse krakers en meezingers. Zaterdag 28 februari van 20:00 tot 02:00. Reserveer.","og_url":"https:\/\/bardemolen.nl\/de\/agenda\/dj-roy-veerman-live-in-der-bar-de-molen\/","og_site_name":"Bar de Molen","article_published_time":"2026-02-04T13:41:44+00:00","article_modified_time":"2026-02-04T13:45:09+00:00","og_image":[{"width":1080,"height":758,"url":"https:\/\/bardemolen.nl\/wp-content\/uploads\/2026\/02\/Bewerken-TEMPLATE-De-Molen-social-media-1080-x-1350px-43-e1770212594134.jpg","type":"image\/jpeg"}],"author":"admin","twitter_card":"summary_large_image","twitter_misc":{"Verfasst von":"admin","Gesch\u00e4tzte Lesezeit":"2\u00a0Minuten"},"schema":{"@context":"https:\/\/schema.org","@graph":[{"@type":"Article","@id":"https:\/\/bardemolen.nl\/agenda\/dj-roy-veerman-live-in-bar-de-molen#article","isPartOf":{"@id":"https:\/\/bardemolen.nl\/agenda\/dj-roy-veerman-live-in-bar-de-molen"},"author":{"name":"admin","@id":"https:\/\/bardemolen.nl\/zh\/#\/schema\/person\/4f132b1ec1813da695f0f2224041da82"},"headline":"DJ Roy Veerman &#8211; 28 februari","datePublished":"2026-02-04T13:41:44+00:00","dateModified":"2026-02-04T13:45:09+00:00","mainEntityOfPage":{"@id":"https:\/\/bardemolen.nl\/agenda\/dj-roy-veerman-live-in-bar-de-molen"},"wordCount":82,"commentCount":0,"publisher":{"@id":"https:\/\/bardemolen.nl\/zh\/#organization"},"image":{"@id":"https:\/\/bardemolen.nl\/agenda\/dj-roy-veerman-live-in-bar-de-molen#primaryimage"},"thumbnailUrl":"https:\/\/bardemolen.nl\/wp-content\/uploads\/2026\/02\/Bewerken-TEMPLATE-De-Molen-social-media-1080-x-1350px-43-e1770212594134.jpg","articleSection":["Agenda"],"inLanguage":"de","potentialAction":[{"@type":"CommentAction","name":"Comment","target":["https:\/\/bardemolen.nl\/agenda\/dj-roy-veerman-live-in-bar-de-molen#respond"]}]},{"@type":"WebPage","@id":"https:\/\/bardemolen.nl\/agenda\/dj-roy-veerman-live-in-bar-de-molen","url":"https:\/\/bardemolen.nl\/agenda\/dj-roy-veerman-live-in-bar-de-molen","name":"DJ Roy Veerman in der M\u00fchle Volendam | Samstag 28 Feb 2026","isPartOf":{"@id":"https:\/\/bardemolen.nl\/zh\/#website"},"primaryImageOfPage":{"@id":"https:\/\/bardemolen.nl\/agenda\/dj-roy-veerman-live-in-bar-de-molen#primaryimage"},"image":{"@id":"https:\/\/bardemolen.nl\/agenda\/dj-roy-veerman-live-in-bar-de-molen#primaryimage"},"thumbnailUrl":"https:\/\/bardemolen.nl\/wp-content\/uploads\/2026\/02\/Bewerken-TEMPLATE-De-Molen-social-media-1080-x-1350px-43-e1770212594134.jpg","datePublished":"2026-02-04T13:41:44+00:00","dateModified":"2026-02-04T13:45:09+00:00","description":"DJ Roy ist endlich wieder da! Erleben Sie eine legend\u00e4re Nacht in der M\u00fchle mit holl\u00e4ndischen Hits und Mitsingliedern. Samstag, 28. Februar von 20:00 bis 02:00 Uhr. Buchen Sie.","breadcrumb":{"@id":"https:\/\/bardemolen.nl\/agenda\/dj-roy-veerman-live-in-bar-de-molen#breadcrumb"},"inLanguage":"de","potentialAction":[{"@type":"ReadAction","target":["https:\/\/bardemolen.nl\/agenda\/dj-roy-veerman-live-in-bar-de-molen"]}]},{"@type":"ImageObject","inLanguage":"de","@id":"https:\/\/bardemolen.nl\/agenda\/dj-roy-veerman-live-in-bar-de-molen#primaryimage","url":"https:\/\/bardemolen.nl\/wp-content\/uploads\/2026\/02\/Bewerken-TEMPLATE-De-Molen-social-media-1080-x-1350px-43-e1770212594134.jpg","contentUrl":"https:\/\/bardemolen.nl\/wp-content\/uploads\/2026\/02\/Bewerken-TEMPLATE-De-Molen-social-media-1080-x-1350px-43-e1770212594134.jpg","width":1080,"height":758,"caption":"Roy Veerman als DJ bij bar de MOlen in Volendam"},{"@type":"BreadcrumbList","@id":"https:\/\/bardemolen.nl\/agenda\/dj-roy-veerman-live-in-bar-de-molen#breadcrumb","itemListElement":[{"@type":"ListItem","position":1,"name":"Home","item":"https:\/\/bardemolen.nl\/"},{"@type":"ListItem","position":2,"name":"DJ Roy Veerman &#8211; 28 februari"}]},{"@type":"WebSite","@id":"https:\/\/bardemolen.nl\/zh\/#website","url":"https:\/\/bardemolen.nl\/zh\/","name":"Bar de Molen","description":"","publisher":{"@id":"https:\/\/bardemolen.nl\/zh\/#organization"},"potentialAction":[{"@type":"SearchAction","target":{"@type":"EntryPoint","urlTemplate":"https:\/\/bardemolen.nl\/zh\/?s={search_term_string}"},"query-input":{"@type":"PropertyValueSpecification","valueRequired":true,"valueName":"search_term_string"}}],"inLanguage":"de"},{"@type":"Organization","@id":"https:\/\/bardemolen.nl\/zh\/#organization","name":"Bar de Molen","url":"https:\/\/bardemolen.nl\/zh\/","logo":{"@type":"ImageObject","inLanguage":"de","@id":"https:\/\/bardemolen.nl\/zh\/#\/schema\/logo\/image\/","url":"https:\/\/bardemolen.nl\/wp-content\/uploads\/2025\/05\/BardeMolen_logo-nieuw.png","contentUrl":"https:\/\/bardemolen.nl\/wp-content\/uploads\/2025\/05\/BardeMolen_logo-nieuw.png","width":441,"height":280,"caption":"Bar de Molen"},"image":{"@id":"https:\/\/bardemolen.nl\/zh\/#\/schema\/logo\/image\/"}},{"@type":"Person","@id":"https:\/\/bardemolen.nl\/zh\/#\/schema\/person\/4f132b1ec1813da695f0f2224041da82","name":"admin","image":{"@type":"ImageObject","inLanguage":"de","@id":"https:\/\/bardemolen.nl\/wp-content\/litespeed\/avatar\/420474b98da1d3677187fa138573da96.jpg?ver=1777651532","url":"https:\/\/bardemolen.nl\/wp-content\/litespeed\/avatar\/420474b98da1d3677187fa138573da96.jpg?ver=1777651532","contentUrl":"https:\/\/bardemolen.nl\/wp-content\/litespeed\/avatar\/420474b98da1d3677187fa138573da96.jpg?ver=1777651532","caption":"admin"},"sameAs":["https:\/\/grandcafedemolen.nl"],"url":"https:\/\/bardemolen.nl\/de\/author\/oaxo9p52"}]}},"_links":{"self":[{"href":"https:\/\/bardemolen.nl\/de\/wp-json\/wp\/v2\/posts\/1882","targetHints":{"allow":["GET"]}}],"collection":[{"href":"https:\/\/bardemolen.nl\/de\/wp-json\/wp\/v2\/posts"}],"about":[{"href":"https:\/\/bardemolen.nl\/de\/wp-json\/wp\/v2\/types\/post"}],"author":[{"embeddable":true,"href":"https:\/\/bardemolen.nl\/de\/wp-json\/wp\/v2\/users\/1"}],"replies":[{"embeddable":true,"href":"https:\/\/bardemolen.nl\/de\/wp-json\/wp\/v2\/comments?post=1882"}],"version-history":[{"count":4,"href":"https:\/\/bardemolen.nl\/de\/wp-json\/wp\/v2\/posts\/1882\/revisions"}],"predecessor-version":[{"id":1887,"href":"https:\/\/bardemolen.nl\/de\/wp-json\/wp\/v2\/posts\/1882\/revisions\/1887"}],"wp:featuredmedia":[{"embeddable":true,"href":"https:\/\/bardemolen.nl\/de\/wp-json\/wp\/v2\/media\/1883"}],"wp:attachment":[{"href":"https:\/\/bardemolen.nl\/de\/wp-json\/wp\/v2\/media?parent=1882"}],"wp:term":[{"taxonomy":"category","embeddable":true,"href":"https:\/\/bardemolen.nl\/de\/wp-json\/wp\/v2\/categories?post=1882"},{"taxonomy":"post_tag","embeddable":true,"href":"https:\/\/bardemolen.nl\/de\/wp-json\/wp\/v2\/tags?post=1882"}],"curies":[{"name":"Welt","href":"https:\/\/api.w.org\/{rel}","templated":true}]}}